{"id":1129,"date":"2020-02-12T01:58:47","date_gmt":"2020-02-12T01:58:47","guid":{"rendered":"https:\/\/spbbeauce.ca\/press-conference-highlighting-the-official-reopening-of-the-spb\/"},"modified":"2020-08-27T02:05:16","modified_gmt":"2020-08-27T02:05:16","slug":"press-conference-highlighting-the-official-reopening-of-the-spb","status":"publish","type":"post","link":"https:\/\/spbbeauce.ca\/en\/press-conference-highlighting-the-official-reopening-of-the-spb\/","title":{"rendered":"Press conference highlighting the official reopening of the SPB"},"content":{"rendered":"<p>La SPB a tenu aujourd&#8217;hui une conf\u00e9rence de presse pour annoncer sa r\u00e9ouverture officielle au public. Les m\u00e9dias locaux, membres de l&#8217;ancien CA de la SPB, membres du comit\u00e9 de relance de la SPB, maires et mairesse des trois MRC de la Beauce ainsi que l&#8217;attach\u00e9 politique du d\u00e9put\u00e9 de Beauce-Nord Luc Proven\u00e7al, St\u00e9phane Brown, ont particip\u00e9 \u00e0 l&#8217;\u00e9v\u00e9nement.<\/p>\n","protected":false},"excerpt":{"rendered":"<p>La SPB a tenu aujourd&#8217;hui une conf\u00e9rence de presse pour annoncer sa r\u00e9ouverture officielle au public. Les m\u00e9dias locaux, membres de l&#8217;ancien CA de la SPB, membres du comit\u00e9 de relance de la SPB, maires et mairesse des trois MRC de la Beauce ainsi que&#8230;<\/p>\n","protected":false},"author":2,"featured_media":0,"comment_status":"open","ping_status":"open","sticky":false,"template":"","format":"standard","meta":{"_jetpack_memberships_contains_paid_content":false,"footnotes":""},"categories":[41],"tags":[],"class_list":["post-1129","post","type-post","status-publish","format-standard","hentry","category-events"],"yoast_head":"<!-- This site is optimized with the Yoast SEO plugin v27.5 - https:\/\/yoast.com\/product\/yoast-seo-wordpress\/ -->\n<title>Press conference highlighting the official reopening of the SPB - Soci\u00e9t\u00e9 du patrimoine des Beaucerons<\/title>\n<meta name=\"robots\" content=\"index, follow, max-snippet:-1, max-image-preview:large, max-video-preview:-1\" \/>\n<link rel=\"canonical\" href=\"https:\/\/spbbeauce.ca\/en\/press-conference-highlighting-the-official-reopening-of-the-spb\/\" \/>\n<meta property=\"og:locale\" content=\"en_US\" \/>\n<meta property=\"og:type\" content=\"article\" \/>\n<meta property=\"og:title\" content=\"Press conference highlighting the official reopening of the SPB - Soci\u00e9t\u00e9 du patrimoine des Beaucerons\" \/>\n<meta property=\"og:description\" content=\"La SPB a tenu aujourd&#8217;hui une conf\u00e9rence de presse pour annoncer sa r\u00e9ouverture officielle au public. Les m\u00e9dias locaux, membres de l&#8217;ancien CA de la SPB, membres du comit\u00e9 de relance de la SPB, maires et mairesse des trois MRC de la Beauce ainsi que...\" \/>\n<meta property=\"og:url\" content=\"https:\/\/spbbeauce.ca\/en\/press-conference-highlighting-the-official-reopening-of-the-spb\/\" \/>\n<meta property=\"og:site_name\" content=\"Soci\u00e9t\u00e9 du patrimoine des Beaucerons\" \/>\n<meta property=\"article:published_time\" content=\"2020-02-12T01:58:47+00:00\" \/>\n<meta property=\"article:modified_time\" content=\"2020-08-27T02:05:16+00:00\" \/>\n<meta name=\"author\" content=\"Direction\" \/>\n<meta name=\"twitter:card\" content=\"summary_large_image\" \/>\n<meta name=\"twitter:label1\" content=\"Written by\" \/>\n\t<meta name=\"twitter:data1\" content=\"Direction\" \/>\n<script type=\"application\/ld+json\" class=\"yoast-schema-graph\">{\"@context\":\"https:\\\/\\\/schema.org\",\"@graph\":[{\"@type\":\"Article\",\"@id\":\"https:\\\/\\\/spbbeauce.ca\\\/en\\\/press-conference-highlighting-the-official-reopening-of-the-spb\\\/#article\",\"isPartOf\":{\"@id\":\"https:\\\/\\\/spbbeauce.ca\\\/en\\\/press-conference-highlighting-the-official-reopening-of-the-spb\\\/\"},\"author\":{\"name\":\"Direction\",\"@id\":\"https:\\\/\\\/spbbeauce.ca\\\/en\\\/#\\\/schema\\\/person\\\/7840dd1aefb0fc648e01c490971eceec\"},\"headline\":\"Press conference highlighting the official reopening of the SPB\",\"datePublished\":\"2020-02-12T01:58:47+00:00\",\"dateModified\":\"2020-08-27T02:05:16+00:00\",\"mainEntityOfPage\":{\"@id\":\"https:\\\/\\\/spbbeauce.ca\\\/en\\\/press-conference-highlighting-the-official-reopening-of-the-spb\\\/\"},\"wordCount\":78,\"commentCount\":0,\"articleSection\":[\"Events\"],\"inLanguage\":\"en-US\",\"potentialAction\":[{\"@type\":\"CommentAction\",\"name\":\"Comment\",\"target\":[\"https:\\\/\\\/spbbeauce.ca\\\/en\\\/press-conference-highlighting-the-official-reopening-of-the-spb\\\/#respond\"]}]},{\"@type\":\"WebPage\",\"@id\":\"https:\\\/\\\/spbbeauce.ca\\\/en\\\/press-conference-highlighting-the-official-reopening-of-the-spb\\\/\",\"url\":\"https:\\\/\\\/spbbeauce.ca\\\/en\\\/press-conference-highlighting-the-official-reopening-of-the-spb\\\/\",\"name\":\"Press conference highlighting the official reopening of the SPB - Soci\u00e9t\u00e9 du patrimoine des Beaucerons\",\"isPartOf\":{\"@id\":\"https:\\\/\\\/spbbeauce.ca\\\/en\\\/#website\"},\"datePublished\":\"2020-02-12T01:58:47+00:00\",\"dateModified\":\"2020-08-27T02:05:16+00:00\",\"author\":{\"@id\":\"https:\\\/\\\/spbbeauce.ca\\\/en\\\/#\\\/schema\\\/person\\\/7840dd1aefb0fc648e01c490971eceec\"},\"breadcrumb\":{\"@id\":\"https:\\\/\\\/spbbeauce.ca\\\/en\\\/press-conference-highlighting-the-official-reopening-of-the-spb\\\/#breadcrumb\"},\"inLanguage\":\"en-US\",\"potentialAction\":[{\"@type\":\"ReadAction\",\"target\":[\"https:\\\/\\\/spbbeauce.ca\\\/en\\\/press-conference-highlighting-the-official-reopening-of-the-spb\\\/\"]}]},{\"@type\":\"BreadcrumbList\",\"@id\":\"https:\\\/\\\/spbbeauce.ca\\\/en\\\/press-conference-highlighting-the-official-reopening-of-the-spb\\\/#breadcrumb\",\"itemListElement\":[{\"@type\":\"ListItem\",\"position\":1,\"name\":\"Accueil\",\"item\":\"https:\\\/\\\/spbbeauce.ca\\\/en\\\/\"},{\"@type\":\"ListItem\",\"position\":2,\"name\":\"Press conference highlighting the official reopening of the SPB\"}]},{\"@type\":\"WebSite\",\"@id\":\"https:\\\/\\\/spbbeauce.ca\\\/en\\\/#website\",\"url\":\"https:\\\/\\\/spbbeauce.ca\\\/en\\\/\",\"name\":\"Soci\u00e9t\u00e9 du patrimoine des Beaucerons\",\"description\":\"\",\"potentialAction\":[{\"@type\":\"SearchAction\",\"target\":{\"@type\":\"EntryPoint\",\"urlTemplate\":\"https:\\\/\\\/spbbeauce.ca\\\/en\\\/?s={search_term_string}\"},\"query-input\":{\"@type\":\"PropertyValueSpecification\",\"valueRequired\":true,\"valueName\":\"search_term_string\"}}],\"inLanguage\":\"en-US\"},{\"@type\":\"Person\",\"@id\":\"https:\\\/\\\/spbbeauce.ca\\\/en\\\/#\\\/schema\\\/person\\\/7840dd1aefb0fc648e01c490971eceec\",\"name\":\"Direction\",\"image\":{\"@type\":\"ImageObject\",\"inLanguage\":\"en-US\",\"@id\":\"https:\\\/\\\/secure.gravatar.com\\\/avatar\\\/0e64a5890bcb6b84192c310958be8b97b7f2b3573c7e2d3eb911dd593602e81e?s=96&d=mm&r=g\",\"url\":\"https:\\\/\\\/secure.gravatar.com\\\/avatar\\\/0e64a5890bcb6b84192c310958be8b97b7f2b3573c7e2d3eb911dd593602e81e?s=96&d=mm&r=g\",\"contentUrl\":\"https:\\\/\\\/secure.gravatar.com\\\/avatar\\\/0e64a5890bcb6b84192c310958be8b97b7f2b3573c7e2d3eb911dd593602e81e?s=96&d=mm&r=g\",\"caption\":\"Direction\"},\"url\":\"https:\\\/\\\/spbbeauce.ca\\\/en\\\/author\\\/direction\\\/\"}]}<\/script>\n<!-- \/ Yoast SEO plugin. -->","yoast_head_json":{"title":"Press conference highlighting the official reopening of the SPB - Soci\u00e9t\u00e9 du patrimoine des Beaucerons","robots":{"index":"index","follow":"follow","max-snippet":"max-snippet:-1","max-image-preview":"max-image-preview:large","max-video-preview":"max-video-preview:-1"},"canonical":"https:\/\/spbbeauce.ca\/en\/press-conference-highlighting-the-official-reopening-of-the-spb\/","og_locale":"en_US","og_type":"article","og_title":"Press conference highlighting the official reopening of the SPB - Soci\u00e9t\u00e9 du patrimoine des Beaucerons","og_description":"La SPB a tenu aujourd&#8217;hui une conf\u00e9rence de presse pour annoncer sa r\u00e9ouverture officielle au public. Les m\u00e9dias locaux, membres de l&#8217;ancien CA de la SPB, membres du comit\u00e9 de relance de la SPB, maires et mairesse des trois MRC de la Beauce ainsi que...","og_url":"https:\/\/spbbeauce.ca\/en\/press-conference-highlighting-the-official-reopening-of-the-spb\/","og_site_name":"Soci\u00e9t\u00e9 du patrimoine des Beaucerons","article_published_time":"2020-02-12T01:58:47+00:00","article_modified_time":"2020-08-27T02:05:16+00:00","author":"Direction","twitter_card":"summary_large_image","twitter_misc":{"Written by":"Direction"},"schema":{"@context":"https:\/\/schema.org","@graph":[{"@type":"Article","@id":"https:\/\/spbbeauce.ca\/en\/press-conference-highlighting-the-official-reopening-of-the-spb\/#article","isPartOf":{"@id":"https:\/\/spbbeauce.ca\/en\/press-conference-highlighting-the-official-reopening-of-the-spb\/"},"author":{"name":"Direction","@id":"https:\/\/spbbeauce.ca\/en\/#\/schema\/person\/7840dd1aefb0fc648e01c490971eceec"},"headline":"Press conference highlighting the official reopening of the SPB","datePublished":"2020-02-12T01:58:47+00:00","dateModified":"2020-08-27T02:05:16+00:00","mainEntityOfPage":{"@id":"https:\/\/spbbeauce.ca\/en\/press-conference-highlighting-the-official-reopening-of-the-spb\/"},"wordCount":78,"commentCount":0,"articleSection":["Events"],"inLanguage":"en-US","potentialAction":[{"@type":"CommentAction","name":"Comment","target":["https:\/\/spbbeauce.ca\/en\/press-conference-highlighting-the-official-reopening-of-the-spb\/#respond"]}]},{"@type":"WebPage","@id":"https:\/\/spbbeauce.ca\/en\/press-conference-highlighting-the-official-reopening-of-the-spb\/","url":"https:\/\/spbbeauce.ca\/en\/press-conference-highlighting-the-official-reopening-of-the-spb\/","name":"Press conference highlighting the official reopening of the SPB - Soci\u00e9t\u00e9 du patrimoine des Beaucerons","isPartOf":{"@id":"https:\/\/spbbeauce.ca\/en\/#website"},"datePublished":"2020-02-12T01:58:47+00:00","dateModified":"2020-08-27T02:05:16+00:00","author":{"@id":"https:\/\/spbbeauce.ca\/en\/#\/schema\/person\/7840dd1aefb0fc648e01c490971eceec"},"breadcrumb":{"@id":"https:\/\/spbbeauce.ca\/en\/press-conference-highlighting-the-official-reopening-of-the-spb\/#breadcrumb"},"inLanguage":"en-US","potentialAction":[{"@type":"ReadAction","target":["https:\/\/spbbeauce.ca\/en\/press-conference-highlighting-the-official-reopening-of-the-spb\/"]}]},{"@type":"BreadcrumbList","@id":"https:\/\/spbbeauce.ca\/en\/press-conference-highlighting-the-official-reopening-of-the-spb\/#breadcrumb","itemListElement":[{"@type":"ListItem","position":1,"name":"Accueil","item":"https:\/\/spbbeauce.ca\/en\/"},{"@type":"ListItem","position":2,"name":"Press conference highlighting the official reopening of the SPB"}]},{"@type":"WebSite","@id":"https:\/\/spbbeauce.ca\/en\/#website","url":"https:\/\/spbbeauce.ca\/en\/","name":"Soci\u00e9t\u00e9 du patrimoine des Beaucerons","description":"","potentialAction":[{"@type":"SearchAction","target":{"@type":"EntryPoint","urlTemplate":"https:\/\/spbbeauce.ca\/en\/?s={search_term_string}"},"query-input":{"@type":"PropertyValueSpecification","valueRequired":true,"valueName":"search_term_string"}}],"inLanguage":"en-US"},{"@type":"Person","@id":"https:\/\/spbbeauce.ca\/en\/#\/schema\/person\/7840dd1aefb0fc648e01c490971eceec","name":"Direction","image":{"@type":"ImageObject","inLanguage":"en-US","@id":"https:\/\/secure.gravatar.com\/avatar\/0e64a5890bcb6b84192c310958be8b97b7f2b3573c7e2d3eb911dd593602e81e?s=96&d=mm&r=g","url":"https:\/\/secure.gravatar.com\/avatar\/0e64a5890bcb6b84192c310958be8b97b7f2b3573c7e2d3eb911dd593602e81e?s=96&d=mm&r=g","contentUrl":"https:\/\/secure.gravatar.com\/avatar\/0e64a5890bcb6b84192c310958be8b97b7f2b3573c7e2d3eb911dd593602e81e?s=96&d=mm&r=g","caption":"Direction"},"url":"https:\/\/spbbeauce.ca\/en\/author\/direction\/"}]}},"jetpack_featured_media_url":"","jetpack_sharing_enabled":true,"_links":{"self":[{"href":"https:\/\/spbbeauce.ca\/en\/wp-json\/wp\/v2\/posts\/1129","targetHints":{"allow":["GET"]}}],"collection":[{"href":"https:\/\/spbbeauce.ca\/en\/wp-json\/wp\/v2\/posts"}],"about":[{"href":"https:\/\/spbbeauce.ca\/en\/wp-json\/wp\/v2\/types\/post"}],"author":[{"embeddable":true,"href":"https:\/\/spbbeauce.ca\/en\/wp-json\/wp\/v2\/users\/2"}],"replies":[{"embeddable":true,"href":"https:\/\/spbbeauce.ca\/en\/wp-json\/wp\/v2\/comments?post=1129"}],"version-history":[{"count":1,"href":"https:\/\/spbbeauce.ca\/en\/wp-json\/wp\/v2\/posts\/1129\/revisions"}],"predecessor-version":[{"id":1135,"href":"https:\/\/spbbeauce.ca\/en\/wp-json\/wp\/v2\/posts\/1129\/revisions\/1135"}],"wp:attachment":[{"href":"https:\/\/spbbeauce.ca\/en\/wp-json\/wp\/v2\/media?parent=1129"}],"wp:term":[{"taxonomy":"category","embeddable":true,"href":"https:\/\/spbbeauce.ca\/en\/wp-json\/wp\/v2\/categories?post=1129"},{"taxonomy":"post_tag","embeddable":true,"href":"https:\/\/spbbeauce.ca\/en\/wp-json\/wp\/v2\/tags?post=1129"}],"curies":[{"name":"wp","href":"https:\/\/api.w.org\/{rel}","templated":true}]}}