{"id":1124,"date":"2020-05-14T01:46:01","date_gmt":"2020-05-14T01:46:01","guid":{"rendered":"https:\/\/spbbeauce.ca\/call-for-containment-testimonies-for-the-creation-of-an-archival-collection-linked-to-the-covid-19-pandemic\/"},"modified":"2020-08-27T02:11:01","modified_gmt":"2020-08-27T02:11:01","slug":"call-for-containment-testimonies-for-the-creation-of-an-archival-collection-linked-to-the-covid-19-pandemic","status":"publish","type":"post","link":"https:\/\/spbbeauce.ca\/en\/call-for-containment-testimonies-for-the-creation-of-an-archival-collection-linked-to-the-covid-19-pandemic\/","title":{"rendered":"Call for Containment Testimonies for the Creation of an Archival Collection Linked to the COVID-19 Pandemic"},"content":{"rendered":"<p>La SPB lance un projet de documentation collective de la pand\u00e9mie de la COVID-19 en Beauce. Pour lire tous les d\u00e9tails du projet, nous vous invitons \u00e0 lire <a href=\"https:\/\/spbbeauce.ca\/wp-content\/uploads\/2020\/06\/Documenter-la-pand%C3%A9mie-en-Beauce_20200513.pdf\">ce document<\/a> ou \u00e0 visiter la page du <a href=\"https:\/\/spbbeauce.ca\/316-2\/\">projet<\/a> sur notre site web.<\/p>\n","protected":false},"excerpt":{"rendered":"<p>La SPB lance un projet de documentation collective de la pand\u00e9mie de la COVID-19 en Beauce. Pour lire tous les d\u00e9tails du projet, nous vous invitons \u00e0 lire ce document ou \u00e0 visiter la page du projet sur notre site web.<\/p>\n","protected":false},"author":2,"featured_media":0,"comment_status":"open","ping_status":"open","sticky":false,"template":"","format":"standard","meta":{"_jetpack_memberships_contains_paid_content":false,"footnotes":""},"categories":[42],"tags":[],"class_list":["post-1124","post","type-post","status-publish","format-standard","hentry","category-news"],"yoast_head":"<!-- This site is optimized with the Yoast SEO plugin v27.5 - https:\/\/yoast.com\/product\/yoast-seo-wordpress\/ -->\n<title>Call for Containment Testimonies for the Creation of an Archival Collection Linked to the COVID-19 Pandemic - Soci\u00e9t\u00e9 du patrimoine des Beaucerons<\/title>\n<meta name=\"robots\" content=\"index, follow, max-snippet:-1, max-image-preview:large, max-video-preview:-1\" \/>\n<link rel=\"canonical\" href=\"https:\/\/spbbeauce.ca\/en\/call-for-containment-testimonies-for-the-creation-of-an-archival-collection-linked-to-the-covid-19-pandemic\/\" \/>\n<meta property=\"og:locale\" content=\"en_US\" \/>\n<meta property=\"og:type\" content=\"article\" \/>\n<meta property=\"og:title\" content=\"Call for Containment Testimonies for the Creation of an Archival Collection Linked to the COVID-19 Pandemic - Soci\u00e9t\u00e9 du patrimoine des Beaucerons\" \/>\n<meta property=\"og:description\" content=\"La SPB lance un projet de documentation collective de la pand\u00e9mie de la COVID-19 en Beauce. Pour lire tous les d\u00e9tails du projet, nous vous invitons \u00e0 lire ce document ou \u00e0 visiter la page du projet sur notre site web.\" \/>\n<meta property=\"og:url\" content=\"https:\/\/spbbeauce.ca\/en\/call-for-containment-testimonies-for-the-creation-of-an-archival-collection-linked-to-the-covid-19-pandemic\/\" \/>\n<meta property=\"og:site_name\" content=\"Soci\u00e9t\u00e9 du patrimoine des Beaucerons\" \/>\n<meta property=\"article:published_time\" content=\"2020-05-14T01:46:01+00:00\" \/>\n<meta property=\"article:modified_time\" content=\"2020-08-27T02:11:01+00:00\" \/>\n<meta name=\"author\" content=\"Direction\" \/>\n<meta name=\"twitter:card\" content=\"summary_large_image\" \/>\n<meta name=\"twitter:label1\" content=\"Written by\" \/>\n\t<meta name=\"twitter:data1\" content=\"Direction\" \/>\n<script type=\"application\/ld+json\" class=\"yoast-schema-graph\">{\"@context\":\"https:\\\/\\\/schema.org\",\"@graph\":[{\"@type\":\"Article\",\"@id\":\"https:\\\/\\\/spbbeauce.ca\\\/en\\\/call-for-containment-testimonies-for-the-creation-of-an-archival-collection-linked-to-the-covid-19-pandemic\\\/#article\",\"isPartOf\":{\"@id\":\"https:\\\/\\\/spbbeauce.ca\\\/en\\\/call-for-containment-testimonies-for-the-creation-of-an-archival-collection-linked-to-the-covid-19-pandemic\\\/\"},\"author\":{\"name\":\"Direction\",\"@id\":\"https:\\\/\\\/spbbeauce.ca\\\/en\\\/#\\\/schema\\\/person\\\/7840dd1aefb0fc648e01c490971eceec\"},\"headline\":\"Call for Containment Testimonies for the Creation of an Archival Collection Linked to the COVID-19 Pandemic\",\"datePublished\":\"2020-05-14T01:46:01+00:00\",\"dateModified\":\"2020-08-27T02:11:01+00:00\",\"mainEntityOfPage\":{\"@id\":\"https:\\\/\\\/spbbeauce.ca\\\/en\\\/call-for-containment-testimonies-for-the-creation-of-an-archival-collection-linked-to-the-covid-19-pandemic\\\/\"},\"wordCount\":57,\"commentCount\":0,\"articleSection\":[\"News\"],\"inLanguage\":\"en-US\",\"potentialAction\":[{\"@type\":\"CommentAction\",\"name\":\"Comment\",\"target\":[\"https:\\\/\\\/spbbeauce.ca\\\/en\\\/call-for-containment-testimonies-for-the-creation-of-an-archival-collection-linked-to-the-covid-19-pandemic\\\/#respond\"]}]},{\"@type\":\"WebPage\",\"@id\":\"https:\\\/\\\/spbbeauce.ca\\\/en\\\/call-for-containment-testimonies-for-the-creation-of-an-archival-collection-linked-to-the-covid-19-pandemic\\\/\",\"url\":\"https:\\\/\\\/spbbeauce.ca\\\/en\\\/call-for-containment-testimonies-for-the-creation-of-an-archival-collection-linked-to-the-covid-19-pandemic\\\/\",\"name\":\"Call for Containment Testimonies for the Creation of an Archival Collection Linked to the COVID-19 Pandemic - Soci\u00e9t\u00e9 du patrimoine des Beaucerons\",\"isPartOf\":{\"@id\":\"https:\\\/\\\/spbbeauce.ca\\\/en\\\/#website\"},\"datePublished\":\"2020-05-14T01:46:01+00:00\",\"dateModified\":\"2020-08-27T02:11:01+00:00\",\"author\":{\"@id\":\"https:\\\/\\\/spbbeauce.ca\\\/en\\\/#\\\/schema\\\/person\\\/7840dd1aefb0fc648e01c490971eceec\"},\"breadcrumb\":{\"@id\":\"https:\\\/\\\/spbbeauce.ca\\\/en\\\/call-for-containment-testimonies-for-the-creation-of-an-archival-collection-linked-to-the-covid-19-pandemic\\\/#breadcrumb\"},\"inLanguage\":\"en-US\",\"potentialAction\":[{\"@type\":\"ReadAction\",\"target\":[\"https:\\\/\\\/spbbeauce.ca\\\/en\\\/call-for-containment-testimonies-for-the-creation-of-an-archival-collection-linked-to-the-covid-19-pandemic\\\/\"]}]},{\"@type\":\"BreadcrumbList\",\"@id\":\"https:\\\/\\\/spbbeauce.ca\\\/en\\\/call-for-containment-testimonies-for-the-creation-of-an-archival-collection-linked-to-the-covid-19-pandemic\\\/#breadcrumb\",\"itemListElement\":[{\"@type\":\"ListItem\",\"position\":1,\"name\":\"Accueil\",\"item\":\"https:\\\/\\\/spbbeauce.ca\\\/en\\\/\"},{\"@type\":\"ListItem\",\"position\":2,\"name\":\"Call for Containment Testimonies for the Creation of an Archival Collection Linked to the COVID-19 Pandemic\"}]},{\"@type\":\"WebSite\",\"@id\":\"https:\\\/\\\/spbbeauce.ca\\\/en\\\/#website\",\"url\":\"https:\\\/\\\/spbbeauce.ca\\\/en\\\/\",\"name\":\"Soci\u00e9t\u00e9 du patrimoine des Beaucerons\",\"description\":\"\",\"potentialAction\":[{\"@type\":\"SearchAction\",\"target\":{\"@type\":\"EntryPoint\",\"urlTemplate\":\"https:\\\/\\\/spbbeauce.ca\\\/en\\\/?s={search_term_string}\"},\"query-input\":{\"@type\":\"PropertyValueSpecification\",\"valueRequired\":true,\"valueName\":\"search_term_string\"}}],\"inLanguage\":\"en-US\"},{\"@type\":\"Person\",\"@id\":\"https:\\\/\\\/spbbeauce.ca\\\/en\\\/#\\\/schema\\\/person\\\/7840dd1aefb0fc648e01c490971eceec\",\"name\":\"Direction\",\"image\":{\"@type\":\"ImageObject\",\"inLanguage\":\"en-US\",\"@id\":\"https:\\\/\\\/secure.gravatar.com\\\/avatar\\\/0e64a5890bcb6b84192c310958be8b97b7f2b3573c7e2d3eb911dd593602e81e?s=96&d=mm&r=g\",\"url\":\"https:\\\/\\\/secure.gravatar.com\\\/avatar\\\/0e64a5890bcb6b84192c310958be8b97b7f2b3573c7e2d3eb911dd593602e81e?s=96&d=mm&r=g\",\"contentUrl\":\"https:\\\/\\\/secure.gravatar.com\\\/avatar\\\/0e64a5890bcb6b84192c310958be8b97b7f2b3573c7e2d3eb911dd593602e81e?s=96&d=mm&r=g\",\"caption\":\"Direction\"},\"url\":\"https:\\\/\\\/spbbeauce.ca\\\/en\\\/author\\\/direction\\\/\"}]}<\/script>\n<!-- \/ Yoast SEO plugin. -->","yoast_head_json":{"title":"Call for Containment Testimonies for the Creation of an Archival Collection Linked to the COVID-19 Pandemic - Soci\u00e9t\u00e9 du patrimoine des Beaucerons","robots":{"index":"index","follow":"follow","max-snippet":"max-snippet:-1","max-image-preview":"max-image-preview:large","max-video-preview":"max-video-preview:-1"},"canonical":"https:\/\/spbbeauce.ca\/en\/call-for-containment-testimonies-for-the-creation-of-an-archival-collection-linked-to-the-covid-19-pandemic\/","og_locale":"en_US","og_type":"article","og_title":"Call for Containment Testimonies for the Creation of an Archival Collection Linked to the COVID-19 Pandemic - Soci\u00e9t\u00e9 du patrimoine des Beaucerons","og_description":"La SPB lance un projet de documentation collective de la pand\u00e9mie de la COVID-19 en Beauce. Pour lire tous les d\u00e9tails du projet, nous vous invitons \u00e0 lire ce document ou \u00e0 visiter la page du projet sur notre site web.","og_url":"https:\/\/spbbeauce.ca\/en\/call-for-containment-testimonies-for-the-creation-of-an-archival-collection-linked-to-the-covid-19-pandemic\/","og_site_name":"Soci\u00e9t\u00e9 du patrimoine des Beaucerons","article_published_time":"2020-05-14T01:46:01+00:00","article_modified_time":"2020-08-27T02:11:01+00:00","author":"Direction","twitter_card":"summary_large_image","twitter_misc":{"Written by":"Direction"},"schema":{"@context":"https:\/\/schema.org","@graph":[{"@type":"Article","@id":"https:\/\/spbbeauce.ca\/en\/call-for-containment-testimonies-for-the-creation-of-an-archival-collection-linked-to-the-covid-19-pandemic\/#article","isPartOf":{"@id":"https:\/\/spbbeauce.ca\/en\/call-for-containment-testimonies-for-the-creation-of-an-archival-collection-linked-to-the-covid-19-pandemic\/"},"author":{"name":"Direction","@id":"https:\/\/spbbeauce.ca\/en\/#\/schema\/person\/7840dd1aefb0fc648e01c490971eceec"},"headline":"Call for Containment Testimonies for the Creation of an Archival Collection Linked to the COVID-19 Pandemic","datePublished":"2020-05-14T01:46:01+00:00","dateModified":"2020-08-27T02:11:01+00:00","mainEntityOfPage":{"@id":"https:\/\/spbbeauce.ca\/en\/call-for-containment-testimonies-for-the-creation-of-an-archival-collection-linked-to-the-covid-19-pandemic\/"},"wordCount":57,"commentCount":0,"articleSection":["News"],"inLanguage":"en-US","potentialAction":[{"@type":"CommentAction","name":"Comment","target":["https:\/\/spbbeauce.ca\/en\/call-for-containment-testimonies-for-the-creation-of-an-archival-collection-linked-to-the-covid-19-pandemic\/#respond"]}]},{"@type":"WebPage","@id":"https:\/\/spbbeauce.ca\/en\/call-for-containment-testimonies-for-the-creation-of-an-archival-collection-linked-to-the-covid-19-pandemic\/","url":"https:\/\/spbbeauce.ca\/en\/call-for-containment-testimonies-for-the-creation-of-an-archival-collection-linked-to-the-covid-19-pandemic\/","name":"Call for Containment Testimonies for the Creation of an Archival Collection Linked to the COVID-19 Pandemic - Soci\u00e9t\u00e9 du patrimoine des Beaucerons","isPartOf":{"@id":"https:\/\/spbbeauce.ca\/en\/#website"},"datePublished":"2020-05-14T01:46:01+00:00","dateModified":"2020-08-27T02:11:01+00:00","author":{"@id":"https:\/\/spbbeauce.ca\/en\/#\/schema\/person\/7840dd1aefb0fc648e01c490971eceec"},"breadcrumb":{"@id":"https:\/\/spbbeauce.ca\/en\/call-for-containment-testimonies-for-the-creation-of-an-archival-collection-linked-to-the-covid-19-pandemic\/#breadcrumb"},"inLanguage":"en-US","potentialAction":[{"@type":"ReadAction","target":["https:\/\/spbbeauce.ca\/en\/call-for-containment-testimonies-for-the-creation-of-an-archival-collection-linked-to-the-covid-19-pandemic\/"]}]},{"@type":"BreadcrumbList","@id":"https:\/\/spbbeauce.ca\/en\/call-for-containment-testimonies-for-the-creation-of-an-archival-collection-linked-to-the-covid-19-pandemic\/#breadcrumb","itemListElement":[{"@type":"ListItem","position":1,"name":"Accueil","item":"https:\/\/spbbeauce.ca\/en\/"},{"@type":"ListItem","position":2,"name":"Call for Containment Testimonies for the Creation of an Archival Collection Linked to the COVID-19 Pandemic"}]},{"@type":"WebSite","@id":"https:\/\/spbbeauce.ca\/en\/#website","url":"https:\/\/spbbeauce.ca\/en\/","name":"Soci\u00e9t\u00e9 du patrimoine des Beaucerons","description":"","potentialAction":[{"@type":"SearchAction","target":{"@type":"EntryPoint","urlTemplate":"https:\/\/spbbeauce.ca\/en\/?s={search_term_string}"},"query-input":{"@type":"PropertyValueSpecification","valueRequired":true,"valueName":"search_term_string"}}],"inLanguage":"en-US"},{"@type":"Person","@id":"https:\/\/spbbeauce.ca\/en\/#\/schema\/person\/7840dd1aefb0fc648e01c490971eceec","name":"Direction","image":{"@type":"ImageObject","inLanguage":"en-US","@id":"https:\/\/secure.gravatar.com\/avatar\/0e64a5890bcb6b84192c310958be8b97b7f2b3573c7e2d3eb911dd593602e81e?s=96&d=mm&r=g","url":"https:\/\/secure.gravatar.com\/avatar\/0e64a5890bcb6b84192c310958be8b97b7f2b3573c7e2d3eb911dd593602e81e?s=96&d=mm&r=g","contentUrl":"https:\/\/secure.gravatar.com\/avatar\/0e64a5890bcb6b84192c310958be8b97b7f2b3573c7e2d3eb911dd593602e81e?s=96&d=mm&r=g","caption":"Direction"},"url":"https:\/\/spbbeauce.ca\/en\/author\/direction\/"}]}},"jetpack_featured_media_url":"","jetpack_sharing_enabled":true,"_links":{"self":[{"href":"https:\/\/spbbeauce.ca\/en\/wp-json\/wp\/v2\/posts\/1124","targetHints":{"allow":["GET"]}}],"collection":[{"href":"https:\/\/spbbeauce.ca\/en\/wp-json\/wp\/v2\/posts"}],"about":[{"href":"https:\/\/spbbeauce.ca\/en\/wp-json\/wp\/v2\/types\/post"}],"author":[{"embeddable":true,"href":"https:\/\/spbbeauce.ca\/en\/wp-json\/wp\/v2\/users\/2"}],"replies":[{"embeddable":true,"href":"https:\/\/spbbeauce.ca\/en\/wp-json\/wp\/v2\/comments?post=1124"}],"version-history":[{"count":1,"href":"https:\/\/spbbeauce.ca\/en\/wp-json\/wp\/v2\/posts\/1124\/revisions"}],"predecessor-version":[{"id":1143,"href":"https:\/\/spbbeauce.ca\/en\/wp-json\/wp\/v2\/posts\/1124\/revisions\/1143"}],"wp:attachment":[{"href":"https:\/\/spbbeauce.ca\/en\/wp-json\/wp\/v2\/media?parent=1124"}],"wp:term":[{"taxonomy":"category","embeddable":true,"href":"https:\/\/spbbeauce.ca\/en\/wp-json\/wp\/v2\/categories?post=1124"},{"taxonomy":"post_tag","embeddable":true,"href":"https:\/\/spbbeauce.ca\/en\/wp-json\/wp\/v2\/tags?post=1124"}],"curies":[{"name":"wp","href":"https:\/\/api.w.org\/{rel}","templated":true}]}}